{"id":95909,"date":"2025-09-10T08:00:00","date_gmt":"2025-09-10T06:00:00","guid":{"rendered":"https:\/\/petit-montagnard.fr\/?p=95909"},"modified":"2025-09-10T11:06:46","modified_gmt":"2025-09-10T09:06:46","slug":"briancon-serre-chevalier-what-is-this-incredible-hotel-that-will-soon-open-its-doors-in-the-heart-of-the-cite-vauban","status":"publish","type":"post","link":"https:\/\/petit-montagnard.fr\/en\/briancon-serre-chevalier-cest-quoi-cet-incroyable-hotel-qui-va-bientot-ouvrir-ses-portes-au-coeur-de-la-cite-vauban\/","title":{"rendered":"Brian\u00e7on (Serre Chevalier): what's this unusual hotel about to open its doors in the heart of the Cit\u00e9 Vauban?"},"content":{"rendered":"<p><strong><a href=\"https:\/\/www.ville-briancon.fr\/\" target=\"_blank\" rel=\"noopener\">Brian\u00e7on <\/a>(Serre Chevalier) is preparing to welcome a new top-of-the-range establishment to the heart of its UNESCO World Heritage listed Vauban town. Opening in December 2025, <em>The Drapers' House<\/em>This intimate 10-room 4-star hotel will open its doors in the former Aristide Albert library, built in 1883.<\/strong><\/p>\n\n\n\n<p>After renovating a listed mansion in N\u00eemes, a 16th-century ch\u00e2teau in Dr\u00f4me Proven\u00e7ale and a character residence at the foot of the Alpilles mountains, The Social Club group has chosen Brian\u00e7on to continue its expansion. <\/p>\n\n\n\n<ul class=\"wp-block-list\">\n<li><strong>READ MORE: <\/strong><a href=\"https:\/\/petit-montagnard.fr\/en\/an-exceptional-new-spa-to-open-this-winter-in-serre-chevalier-we-tell-you-all-about-it\/\">An exceptional new spa to open this winter in Serre Chevalier: we tell you all about it<\/a><\/li>\n<\/ul>\n\n\n\n<p>True to its vision of \"sensible, sensible luxury\", the brand has entrusted the metamorphosis of this iconic location to architect Nathalie d'Artigues (NDA agency). The aim: to combine contemporary comfort with respect for the strong history of this building in the Cit\u00e9 Vauban.<\/p>\n\n\n\n<p>The hotel will have 10 rooms, including a suite and a junior suite. The decor will be elegant, timeless and warm, with subtle nods to local traditions. The introductory price is \u20ac160 per night.<\/p>\n\n\n\n<h2 class=\"wp-block-heading\">A name in homage to drapers<\/h2>\n\n\n\n<p><em>The Drapers' House<\/em> will offer a 70-seat restaurant (35 inside and 35 on the terrace). The menu, which will be deliberately small and progressive, will feature the key products of local gastronomy, prepared according to the seasons and the harvests of the Brian\u00e7onnais producers.<\/p>\n\n\n\n<ul class=\"wp-block-list\">\n<li><strong>READ MORE: <\/strong><a href=\"https:\/\/petit-montagnard.fr\/en\/a-new-top-of-the-range-holiday-residence-is-to-open-in-this-commune-of-serre-chevalier\/\">A new top-of-the-range holiday residence is to open in this commune of Serre Chevalier<\/a><\/li>\n<\/ul>\n\n\n\n<p>An area called \"Le Boudoir\" will offer a lounge dedicated to treatments and massages, with a double cabin and a sauna to complete the experience.<\/p>\n\n\n\n<p>Choosing a name <em>The Drapers' House<\/em> pays tribute to the textile crafts that have shaped the economy of the Brian\u00e7onnais region. The drapers and weavers of yesteryear transformed the wool of the Alpine herds into robust fabrics, traded at the great transalpine fairs.<\/p>\n\n\n\n<p><strong>Find out more <\/strong><\/p>\n\n\n\n<ul class=\"wp-block-list\">\n<li><strong>Group<\/strong> The Social Club<\/li>\n\n\n\n<li><strong>Stars<\/strong> : 4*<\/li>\n\n\n\n<li><strong>Labels targeted<\/strong> : Cl\u00e9 Verte \/ Relais &amp; Ch\u00e2teaux<\/li>\n\n\n\n<li><strong>Number of bedrooms<\/strong> 10 (including 1 suite and 1 junior-suite)<\/li>\n\n\n\n<li><strong>Restaurant<\/strong> 70 covers (35 inside \/ 35 outside)<\/li>\n\n\n\n<li><strong>Spa<\/strong> double cabin and sauna<\/li>\n\n\n\n<li><strong>Opening<\/strong> December 2025<\/li>\n\n\n\n<li><strong>Rates<\/strong> from \u20ac160<\/li>\n\n\n\n<li><strong>Website<\/strong> : <a href=\"https:\/\/the-social-club.com\" target=\"_blank\" rel=\"noopener\">the-social-club.com<\/a><\/li>\n<\/ul>\n\n\n\n<p><\/p>","protected":false},"excerpt":{"rendered":"<p>Brian\u00e7on (Serre Chevalier) s\u2019appr\u00eate \u00e0 accueillir un nouvel \u00e9tablissement haut de gamme au c\u0153ur de sa Cit\u00e9 Vauban class\u00e9e au patrimoine mondial de l\u2019UNESCO. D\u00e8s d\u00e9cembre 2025, La Maison des Drapiers, un h\u00f4tel 4 \u00e9toiles intimiste de 10 chambres, ouvrira ses portes dans l\u2019ancienne biblioth\u00e8que Aristide Albert, b\u00e2tie en 1883. Apr\u00e8s avoir r\u00e9habilit\u00e9 un h\u00f4tel<\/p>","protected":false},"author":7,"featured_media":95910,"comment_status":"closed","ping_status":"closed","sticky":false,"template":"","format":"standard","meta":{"_monsterinsights_skip_tracking":false,"_monsterinsights_sitenote_active":false,"_monsterinsights_sitenote_note":"","_monsterinsights_sitenote_category":0,"footnotes":""},"categories":[9],"tags":[65,338,525,74,337],"class_list":{"0":"post-95909","1":"post","2":"type-post","3":"status-publish","4":"format-standard","5":"has-post-thumbnail","7":"category-immobilier","8":"tag-a-la-une","9":"tag-alpes-du-sud","10":"tag-briancon","11":"tag-immobilier","12":"tag-serre-chevalier-2"},"_links":{"self":[{"href":"https:\/\/petit-montagnard.fr\/en\/wp-json\/wp\/v2\/posts\/95909","targetHints":{"allow":["GET"]}}],"collection":[{"href":"https:\/\/petit-montagnard.fr\/en\/wp-json\/wp\/v2\/posts"}],"about":[{"href":"https:\/\/petit-montagnard.fr\/en\/wp-json\/wp\/v2\/types\/post"}],"author":[{"embeddable":true,"href":"https:\/\/petit-montagnard.fr\/en\/wp-json\/wp\/v2\/users\/7"}],"replies":[{"embeddable":true,"href":"https:\/\/petit-montagnard.fr\/en\/wp-json\/wp\/v2\/comments?post=95909"}],"version-history":[{"count":6,"href":"https:\/\/petit-montagnard.fr\/en\/wp-json\/wp\/v2\/posts\/95909\/revisions"}],"predecessor-version":[{"id":95929,"href":"https:\/\/petit-montagnard.fr\/en\/wp-json\/wp\/v2\/posts\/95909\/revisions\/95929"}],"wp:featuredmedia":[{"embeddable":true,"href":"https:\/\/petit-montagnard.fr\/en\/wp-json\/wp\/v2\/media\/95910"}],"wp:attachment":[{"href":"https:\/\/petit-montagnard.fr\/en\/wp-json\/wp\/v2\/media?parent=95909"}],"wp:term":[{"taxonomy":"category","embeddable":true,"href":"https:\/\/petit-montagnard.fr\/en\/wp-json\/wp\/v2\/categories?post=95909"},{"taxonomy":"post_tag","embeddable":true,"href":"https:\/\/petit-montagnard.fr\/en\/wp-json\/wp\/v2\/tags?post=95909"}],"curies":[{"name":"wp","href":"https:\/\/api.w.org\/{rel}","templated":true}]}}